{"id":286,"__str__":"PROJETO DE LEI n\u00ba 17 de 2023","metadata":{},"numero":17,"ano":2023,"numero_protocolo":null,"data_apresentacao":"2023-12-13","tipo_apresentacao":"O","data_publicacao":null,"numero_origem_externa":"","ano_origem_externa":null,"data_origem_externa":null,"apelido":"","dias_prazo":null,"data_fim_prazo":null,"em_tramitacao":true,"polemica":false,"objeto":"","complementar":false,"ementa":"Disp\u00f5e sobre a denomina\u00e7\u00e3o de Pr\u00e9dio P\u00fablico em constru\u00e7\u00e3o localizada na PE 123 de Escola Edson Ferreira Calado e d\u00e1 outras provid\u00eancias.","indexacao":"","observacao":"","resultado":"","texto_original":null,"data_ultima_atualizacao":"2023-12-18T15:53:32.367727-03:00","ip":"168.0.52.231","ultima_edicao":"2023-12-18T15:35:19.151189-03:00","tipo":6,"regime_tramitacao":3,"tipo_origem_externa":null,"local_origem_externa":null,"user":1,"anexadas":[],"autores":[18]}