{"id":307,"__str__":"PROJETO DE LEI n\u00ba 20 de 2024","metadata":{},"numero":20,"ano":2024,"numero_protocolo":null,"data_apresentacao":"2024-02-20","tipo_apresentacao":"E","data_publicacao":null,"numero_origem_externa":"","ano_origem_externa":null,"data_origem_externa":null,"apelido":"","dias_prazo":null,"data_fim_prazo":null,"em_tramitacao":false,"polemica":false,"objeto":"","complementar":false,"ementa":"Disp\u00f5e sobre a fixa\u00e7\u00e3o do subs\u00eddio de Vereadores para a Legislatura 2025-2028, nos termos dos Artigos 39, inciso III da Lei Org\u00e2nica do Munic\u00edpio e do Artigo 29, inciso VI, al\u00ednea \"b\" da Constitui\u00e7\u00e3o Federal, e d\u00e1 outras Provid\u00eancias.","indexacao":"","observacao":"","resultado":"","texto_original":null,"data_ultima_atualizacao":"2024-03-03T12:32:03.728956-03:00","ip":"177.87.4.102","ultima_edicao":"2024-02-21T09:58:31.023078-03:00","tipo":6,"regime_tramitacao":3,"tipo_origem_externa":null,"local_origem_externa":null,"user":1,"anexadas":[],"autores":[24]}