{"id":473,"__str__":"REQUERIMENTO n\u00ba 35 de 2025","metadata":{},"numero":35,"ano":2025,"numero_protocolo":null,"data_apresentacao":"2025-02-19","tipo_apresentacao":"E","data_publicacao":null,"numero_origem_externa":"","ano_origem_externa":null,"data_origem_externa":null,"apelido":"","dias_prazo":null,"data_fim_prazo":null,"em_tramitacao":true,"polemica":false,"objeto":"","complementar":false,"ementa":"Solicita ao Poder Executivo para que seja providenciada a reforma do piso e tamb\u00e9m a cobertura da quadra da vila de Laje de S\u00e3o Jos\u00e9.","indexacao":"","observacao":"","resultado":"","texto_original":"https://sapl.cupira.pe.leg.br/media/sapl/public/materialegislativa/2025/473/requerimento_35.pdf","data_ultima_atualizacao":"2025-06-18T16:08:48.141103-03:00","ip":"168.0.52.231","ultima_edicao":"2025-06-18T16:08:47.870415-03:00","tipo":12,"regime_tramitacao":3,"tipo_origem_externa":null,"local_origem_externa":null,"user":1,"anexadas":[],"autores":[21]}