{"id":491,"__str__":"REQUERIMENTO n\u00ba 50 de 2025","metadata":{},"numero":50,"ano":2025,"numero_protocolo":null,"data_apresentacao":"2025-03-10","tipo_apresentacao":"E","data_publicacao":null,"numero_origem_externa":"","ano_origem_externa":null,"data_origem_externa":null,"apelido":"","dias_prazo":null,"data_fim_prazo":null,"em_tramitacao":true,"polemica":false,"objeto":"","complementar":false,"ementa":"solicita ao Poder Executivo para que seja realizada a requalifica\u00e7\u00e3o de toda a estrutura da Caminhada da F\u00e9, evento religioso da Igreja Cat\u00f3lica: palco; som; ilumina\u00e7\u00e3o, inclusive no trajeto e pontos onde haver\u00e1 movimenta\u00e7\u00f5es das equipes da igreja e a limpeza antes e, essencialmente, ap\u00f3s o evento, tendo em vista o seu trig\u00e9simo ano e por se tratar do maior evento religioso da regi\u00e3o.","indexacao":"","observacao":"","resultado":"","texto_original":"https://sapl.cupira.pe.leg.br/media/sapl/public/materialegislativa/2025/491/requerimento_50.pdf","data_ultima_atualizacao":"2025-06-18T16:01:08.095361-03:00","ip":"168.0.52.231","ultima_edicao":"2025-06-18T16:01:07.970526-03:00","tipo":12,"regime_tramitacao":3,"tipo_origem_externa":null,"local_origem_externa":null,"user":1,"anexadas":[],"autores":[15]}