{"id":614,"__str__":"REQUERIMENTO n\u00ba 138 de 2025","metadata":{},"numero":138,"ano":2025,"numero_protocolo":null,"data_apresentacao":"2025-08-12","tipo_apresentacao":"O","data_publicacao":null,"numero_origem_externa":"","ano_origem_externa":null,"data_origem_externa":null,"apelido":"","dias_prazo":null,"data_fim_prazo":null,"em_tramitacao":true,"polemica":false,"objeto":"","complementar":false,"ementa":"Solicita ao Poder Executivo para que seja providenciada a revitaliza\u00e7\u00e3o dos canteiros centrais e a complementa\u00e7\u00e3o da ilumina\u00e7\u00e3o com postes das avenidas Presidente Vargas (S\u00e3o Jo\u00e3o - at\u00e9 o final da mesma, pr\u00f3ximo \u00e0 ponte); da avenida Reverendo J\u00falio leit\u00e3o de Melo (Centro \u2013 pr\u00f3ximo ao hospital); da avenida Etelvino Lins (Centro); da avenida Alfredo Greg\u00f3rio de Barros (Bairro Gl\u00f3ria) e da avenida Miguel Pereira Neto (Centro \u2013 apenas os canteiros central e laterais).","indexacao":"","observacao":"","resultado":"","texto_original":null,"data_ultima_atualizacao":"2025-08-12T11:15:59.121385-03:00","ip":"168.205.142.85","ultima_edicao":"2025-08-12T11:15:59.099802-03:00","tipo":12,"regime_tramitacao":3,"tipo_origem_externa":null,"local_origem_externa":null,"user":1,"anexadas":[],"autores":[28]}