{"id":649,"__str__":"PROJETO DE LEI n\u00ba 22 de 2025","metadata":{},"numero":22,"ano":2025,"numero_protocolo":null,"data_apresentacao":"2025-10-14","tipo_apresentacao":"E","data_publicacao":null,"numero_origem_externa":"","ano_origem_externa":null,"data_origem_externa":null,"apelido":"","dias_prazo":null,"data_fim_prazo":null,"em_tramitacao":false,"polemica":false,"objeto":"","complementar":false,"ementa":"Disp\u00f5e sobre a cria\u00e7\u00e3o do Conselho municipal dos direitos da pessoa com defici\u00eancia e institui a confer\u00eancia municipal dos direitos da pessoa com defici\u00eancia \u2013","indexacao":"","observacao":"","resultado":"","texto_original":"https://sapl.cupira.pe.leg.br/media/sapl/public/materialegislativa/2025/649/pl_22.pdf","data_ultima_atualizacao":"2026-01-22T16:10:02.446364-03:00","ip":"168.0.52.231","ultima_edicao":"2026-01-22T16:10:01.806316-03:00","tipo":6,"regime_tramitacao":3,"tipo_origem_externa":null,"local_origem_externa":null,"user":1,"anexadas":[],"autores":[7]}