{"id":653,"__str__":"PROJETO DE RESOLU\u00c7\u00c3O n\u00ba 2 de 2025","metadata":{},"numero":2,"ano":2025,"numero_protocolo":null,"data_apresentacao":"2025-10-28","tipo_apresentacao":"E","data_publicacao":null,"numero_origem_externa":"","ano_origem_externa":null,"data_origem_externa":null,"apelido":"","dias_prazo":null,"data_fim_prazo":null,"em_tramitacao":true,"polemica":false,"objeto":"","complementar":false,"ementa":"Disp\u00f5e sobre a cria\u00e7\u00e3o da Escola do Legislativo no \u00e2mbito da C\u00e2mara Municipal de Cupira-PE e d\u00e1 outras provid\u00eancias.","indexacao":"","observacao":"","resultado":"","texto_original":null,"data_ultima_atualizacao":"2025-11-18T08:31:00.274405-03:00","ip":"170.79.120.142","ultima_edicao":"2025-10-28T09:24:57.184470-03:00","tipo":8,"regime_tramitacao":3,"tipo_origem_externa":null,"local_origem_externa":null,"user":1,"anexadas":[],"autores":[24]}