{"id":799,"__str__":"REQUERIMENTO n\u00ba 86 de 2026","metadata":{},"numero":86,"ano":2026,"numero_protocolo":null,"data_apresentacao":"2026-07-29","tipo_apresentacao":"E","data_publicacao":null,"numero_origem_externa":"","ano_origem_externa":null,"data_origem_externa":null,"apelido":"","dias_prazo":null,"data_fim_prazo":null,"em_tramitacao":true,"polemica":false,"objeto":"","complementar":false,"ementa":"Solicita ao Poder Executivo a retomada do Festival da Confec\u00e7\u00e3o de Cupira \u2013 FCC, incluindo o evento no calend\u00e1rio oficial de a\u00e7\u00f5es do Munic\u00edpio, com a devida estrutura, planejamento e divulga\u00e7\u00e3o.","indexacao":"","observacao":"","resultado":"","texto_original":null,"data_ultima_atualizacao":"2026-07-27T16:48:57.622317-03:00","ip":"168.0.52.231","ultima_edicao":"2026-07-27T16:47:18.047527-03:00","tipo":12,"regime_tramitacao":3,"tipo_origem_externa":null,"local_origem_externa":null,"user":1,"anexadas":[],"autores":[22]}