{"id":808,"__str__":"REQUERIMENTO n\u00ba 90 de 2026","metadata":{},"numero":90,"ano":2026,"numero_protocolo":null,"data_apresentacao":"2026-08-05","tipo_apresentacao":"E","data_publicacao":null,"numero_origem_externa":"","ano_origem_externa":null,"data_origem_externa":null,"apelido":"","dias_prazo":null,"data_fim_prazo":null,"em_tramitacao":true,"polemica":false,"objeto":"","complementar":false,"ementa":"Solicita ao Poder Executivo que sejam adotadas as provid\u00eancias necess\u00e1rias para a instala\u00e7\u00e3o de uma tenda na \u00e1rea externa do CAPS (Centro de Aten\u00e7\u00e3o Psicossocial), bem como para a instala\u00e7\u00e3o dos aparelhos de ar-condicionado j\u00e1 destinados \u00e0 unidade e a implanta\u00e7\u00e3o de um sistema de som ambiente com m\u00fasicas instrumentais e relaxantes, adequado ao ambiente terap\u00eautico.","indexacao":"","observacao":"","resultado":"","texto_original":null,"data_ultima_atualizacao":"2026-08-04T09:21:41.060538-03:00","ip":"170.79.120.140","ultima_edicao":"2026-08-04T09:20:24.873948-03:00","tipo":12,"regime_tramitacao":3,"tipo_origem_externa":null,"local_origem_externa":null,"user":1,"anexadas":[],"autores":[19]}