{"id":810,"__str__":"PROJETO DE LEI n\u00ba 12 de 2026","metadata":{},"numero":12,"ano":2026,"numero_protocolo":null,"data_apresentacao":"2026-08-05","tipo_apresentacao":"E","data_publicacao":null,"numero_origem_externa":"","ano_origem_externa":null,"data_origem_externa":null,"apelido":"","dias_prazo":null,"data_fim_prazo":null,"em_tramitacao":true,"polemica":false,"objeto":"","complementar":false,"ementa":"De iniciativa do Poder Executivo, que institui a semana a Semana Municipal do Beb\u00ea e da Primeira Inf\u00e2ncia e d\u00e1 outras provid\u00eancias, no munic\u00edpio de Cupira.","indexacao":"","observacao":"","resultado":"","texto_original":null,"data_ultima_atualizacao":"2026-08-10T15:26:53.830122-03:00","ip":"168.0.52.231","ultima_edicao":"2026-08-04T16:19:17.304907-03:00","tipo":6,"regime_tramitacao":3,"tipo_origem_externa":null,"local_origem_externa":null,"user":1,"anexadas":[],"autores":[7]}